{"id":990,"date":"2015-06-02T13:32:21","date_gmt":"2015-06-02T11:32:21","guid":{"rendered":"http:\/\/www.odnowa.domchleba.com\/?p=990"},"modified":"2015-06-02T13:32:21","modified_gmt":"2015-06-02T11:32:21","slug":"wielbimy-pana-w-boze-cialo","status":"publish","type":"post","link":"http:\/\/www.odnowa.domchleba.com\/?p=990","title":{"rendered":"Wielbimy Pana w Bo\u017ce Cia\u0142o !"},"content":{"rendered":"<p class=\"TableContents\" align=\"center\">04 czerwca o g. 19.00\u00a0 w Parku Konstytucji 3 Maja w Suwa\u0142kach\u00a0 odb\u0119dzie si\u0119\u00a0 I Koncert Ewangelizacyjno \u2013 Uwielbieniowy z udzia\u0142em zespo\u0142u\u00a0Armia Dzieci z Lublina i Mari\u0105 Vadia z USA.\u00a0<i>Niech to b\u0119dzie spotkanie ludzi szcz\u0119\u015bliwych, kt\u00f3rzy chc\u0105 g\u0142osi\u0107 Jezusa, by inni uwierzyli<\/i>. Dajmy \u015bwiadectwo, \u017ce z Nim idziemy przez \u017cycie i dlatego Wiara jest w nas, Mi\u0142o\u015b\u0107 jest w nas, Nadzieja, Prawda, Dobro, Sprawiedliwo\u015b\u0107, Eucharystia, S\u0142owo,\u00a0 Przebaczenie, Niebo jest w nas.<\/p>\n<p class=\"TableContents\"><i>Mamy nadziej\u0119 ,\u017ce\u00a0 Koncert \u201e \u017bycie jest w nas\u201d stanie si\u0119 cyklicznym wydarzeniem ka\u017cdego roku w Bo\u017ce Cia\u0142o i wszystkie\u00a0 parafie b\u0119d\u0105 go ubogaca\u0142y.\u00a0<\/i><\/p>\n<p class=\"TableContents\">\u00a0 \u00a0 \u00a0 \u00a0 \u00a0 \u00a0 \u00a0 \u00a0 \u00a0 \u00a0 \u00a0 \u00a0 \u00a0 \u00a0 \u00a0 \u00a0 \u00a0 \u00a0 \u00a0 \u00a0 \u00a0 \u00a0 \u00a0 \u00a0 \u00a0 SERDECZNIE ZAPRASZAMY !!<\/p>\n<p class=\"TableContents\"><a href=\"http:\/\/www.odnowa.domchleba.com\/wp-content\/uploads\/2015\/06\/maria-i-armia.jpg\"><img decoding=\"async\" loading=\"lazy\" class=\"alignnone size-full wp-image-991\" src=\"http:\/\/www.odnowa.domchleba.com\/wp-content\/uploads\/2015\/06\/maria-i-armia.jpg\" alt=\"maria i armia\" width=\"212\" height=\"300\" \/><\/a><\/p>\n","protected":false},"excerpt":{"rendered":"<p>04 czerwca o g. 19.00\u00a0 w Parku Konstytucji 3 Maja w Suwa\u0142kach\u00a0 odb\u0119dzie si\u0119\u00a0 I Koncert Ewangelizacyjno \u2013 Uwielbieniowy z&hellip;<\/p>\n","protected":false},"author":1,"featured_media":0,"comment_status":"open","ping_status":"open","sticky":false,"template":"","format":"standard","meta":[],"categories":[1],"tags":[],"_links":{"self":[{"href":"http:\/\/www.odnowa.domchleba.com\/index.php?rest_route=\/wp\/v2\/posts\/990"}],"collection":[{"href":"http:\/\/www.odnowa.domchleba.com\/index.php?rest_route=\/wp\/v2\/posts"}],"about":[{"href":"http:\/\/www.odnowa.domchleba.com\/index.php?rest_route=\/wp\/v2\/types\/post"}],"author":[{"embeddable":true,"href":"http:\/\/www.odnowa.domchleba.com\/index.php?rest_route=\/wp\/v2\/users\/1"}],"replies":[{"embeddable":true,"href":"http:\/\/www.odnowa.domchleba.com\/index.php?rest_route=%2Fwp%2Fv2%2Fcomments&post=990"}],"version-history":[{"count":1,"href":"http:\/\/www.odnowa.domchleba.com\/index.php?rest_route=\/wp\/v2\/posts\/990\/revisions"}],"predecessor-version":[{"id":992,"href":"http:\/\/www.odnowa.domchleba.com\/index.php?rest_route=\/wp\/v2\/posts\/990\/revisions\/992"}],"wp:attachment":[{"href":"http:\/\/www.odnowa.domchleba.com\/index.php?rest_route=%2Fwp%2Fv2%2Fmedia&parent=990"}],"wp:term":[{"taxonomy":"category","embeddable":true,"href":"http:\/\/www.odnowa.domchleba.com\/index.php?rest_route=%2Fwp%2Fv2%2Fcategories&post=990"},{"taxonomy":"post_tag","embeddable":true,"href":"http:\/\/www.odnowa.domchleba.com\/index.php?rest_route=%2Fwp%2Fv2%2Ftags&post=990"}],"curies":[{"name":"wp","href":"https:\/\/api.w.org\/{rel}","templated":true}]}}