{"id":975,"date":"2015-05-19T14:57:50","date_gmt":"2015-05-19T12:57:50","guid":{"rendered":"http:\/\/www.odnowa.domchleba.com\/?p=975"},"modified":"2015-05-19T14:57:50","modified_gmt":"2015-05-19T12:57:50","slug":"chciejcie-byc-wniebowzieci","status":"publish","type":"post","link":"http:\/\/www.odnowa.domchleba.com\/?p=975","title":{"rendered":"Chciejcie by\u0107 wniebowzi\u0119ci!"},"content":{"rendered":"<p class=\" lead\"><strong>Go\u015bciem majowej Ewangelizacji na Bulwarowej by\u0142 o. Adam Szustak OP. Swoje wyst\u0105pienie zatytu\u0142owa\u0142: &#8220;Z gnoju wyd\u017awigni\u0119ci, czyli winda do nieba&#8221;.<\/strong><\/p>\n<div class=\"di_dr imageContent\">\n<div class=\"doc_image\"><a class=\"lightbox\" href=\"http:\/\/krakow.gosc.pl\/files\/15\/05\/15\/678706_IMG_0717_34.jpg\"><img decoding=\"async\" src=\"http:\/\/krakow.gosc.pl\/files\/15\/05\/15\/678706_IMG_0717_7.jpg\" alt=\"Chciejcie by\u0107 wniebowzi\u0119ci!\" \/><\/a><a class=\"img_enlarge\" title=\"Powi\u0119ksz\" href=\"http:\/\/krakow.gosc.pl\/doc\/2483400.Chciejcie-byc-wniebowzieci#\">\u00a0<\/a><span class=\"cm-i-a\">PAULINA SMORO\u0143 \/FOTO GO\u015a\u0106<\/span><span class=\"cm-i-p\">&#8211; Uwierzcie w ka\u017cde, nawet najbardziej absurdalne s\u0142owo Pana Boga &#8211; zach\u0119ca\u0142 o. Szustak<\/span><\/div>\n<\/div>\n<div class=\"intextAd\">\n<p>Duchowny przem\u00f3wienie rozpocz\u0105\u0142 od przeczytania Psalmu 113, poniewa\u017c &#8211; jak sam m\u00f3wi\u0142 &#8211; jest on &#8220;jednym z najpi\u0119kniejszych obraz\u00f3w wniebowst\u0105pienia&#8221;. Opowiada o cz\u0142owieku, kt\u00f3rego B\u00f3g wyci\u0105gn\u0105\u0142 z &#8220;prochu i gnoju&#8221; i posadzi\u0142 na wy\u017cynach w\u015br\u00f3d ksi\u0105\u017c\u0105t. Tym cz\u0142owiekiem by\u0142 Pan Jezus.<\/p>\n<p>O. Szustak opowiada\u0142 przy tej okazji o czterech osobach ze Starego Testamentu, kt\u00f3re zosta\u0142y wniebowzi\u0119te. Pierwsz\u0105 z nich by\u0142 Henoch, drug\u0105 Eliasz, nast\u0119pnie Moj\u017cesz oraz Jonasz.<\/p>\n<p>&#8211; Czy w was kiedykolwiek pojawi\u0142a si\u0119 taka perspektywa, \u017ce wasze \u017cycie mog\u0142oby wygl\u0105da\u0107 w ten spos\u00f3b, \u017ce was &#8220;wniebowe\u017amie&#8221;? Nie, \u017ce umrzecie &#8211; pyta\u0142 zgromadzonych w ko\u015bciele wiernych.<\/p>\n<p>&#8211; Chrystus ju\u017c otworzy\u0142 nam niebo, a wi\u0119kszo\u015b\u0107 z nas my\u015bli, \u017ce to si\u0119 stanie, kiedy umrzemy. Jakby kto\u015b chcia\u0142, to jest taka opcja wcze\u015bniej. By\u0142a kiedy\u015b taka jedna, kt\u00f3ra si\u0119 zorientowa\u0142a &#8211; Naj\u015bwi\u0119tsza Maryja Panna i ona tam posz\u0142a zaraz za swoim Synem &#8211; doda\u0142.<\/p>\n<p>Poda\u0142 te\u017c niejako &#8220;recept\u0119&#8221; na wniebowzi\u0119cie: &#8211; Uwierzcie w ka\u017cde, nawet najbardziej absurdalne s\u0142owo Pana Boga, tak jak Maryja.<\/p>\n<p>Przekonywa\u0142, \u017ce nawet dzi\u015b kto\u015b mo\u017ce zosta\u0107 wniebowzi\u0119ty. &#8211; Mo\u017cna z Bogiem by\u0107 tak blisko, \u017ce Ten powie: &#8220;No, nie wytrzymam bez niego&#8221; &#8211; m\u00f3wi\u0142 zakonnik. Podkre\u015bla\u0142 jednak, \u017ce nas dzi\u015b do nieba nic nie ci\u0105gnie, a wszystko przez m.in. apokaliptyczne wyobra\u017cenia ko\u0144ca \u015bwiata.<\/p>\n<p>O. Szustak zauwa\u017cy\u0142 te\u017c, \u017ce B\u00f3g stworzy\u0142 \u015bwiat niedoko\u0144czony i to jego doko\u0144czenie zleci\u0142 pierwszym ludziom. &#8211; Pan B\u00f3g poprosi\u0142 Adama, by ten rozwin\u0105\u0142 ogr\u00f3d Eden do niewiarygodnych rozmiar\u00f3w, kszta\u0142t\u00f3w, barw, zapach\u00f3w. Podobnie, gdy b\u0119dziemy w niebie, B\u00f3g nas zaprosi do tej niezwyk\u0142ej tw\u00f3rczo\u015bci i kreacji i wtedy b\u0119dziemy mogli robi\u0107 wszystko, czego zapragniemy &#8211; przekonywa\u0142.<\/p>\n<p>Po raz kolejny zaznaczy\u0142, \u017ce ta zdolno\u015b\u0107 tworzenia ju\u017c teraz w jakiej\u015b cz\u0119\u015bci jest dla nas dost\u0119pna, bo przecie\u017c &#8220;drzwi s\u0105 otwarte&#8221;. Ponadto, zadaj\u0105c wiernym pytanie, o co chodzi w \u017cyciu, przedstawi\u0142 \u017cartobliwie wizj\u0119 nieba, w kt\u00f3rym &#8211; jak m\u00f3wi\u0142 &#8211; &#8220;wszyscy b\u0119dziemy ogarnia\u0107 \u017cycie, a kobiety ogarn\u0105 same siebie&#8221;. &#8211; Ponadto wydarzy si\u0119 wi\u0119kszy cud &#8211; facet was zrozumie &#8211; zwr\u00f3ci\u0142 si\u0119 do kobiet.<\/p>\n<p>&#8211; We\u017acie, zechciejcie by\u0107 wniebowzi\u0119ci! Oznacza to \u017cycie w przyja\u017ani z Bogiem, a to jest winda do nieba &#8211; wo\u0142a\u0142 na koniec.<\/p>\n<p>za go\u015b\u0107.pl<\/p>\n<\/div>\n","protected":false},"excerpt":{"rendered":"<p>Go\u015bciem majowej Ewangelizacji na Bulwarowej by\u0142 o. Adam Szustak OP. Swoje wyst\u0105pienie zatytu\u0142owa\u0142: &#8220;Z gnoju wyd\u017awigni\u0119ci, czyli winda do nieba&#8221;.&hellip;<\/p>\n","protected":false},"author":1,"featured_media":0,"comment_status":"open","ping_status":"open","sticky":false,"template":"","format":"standard","meta":[],"categories":[1],"tags":[],"_links":{"self":[{"href":"http:\/\/www.odnowa.domchleba.com\/index.php?rest_route=\/wp\/v2\/posts\/975"}],"collection":[{"href":"http:\/\/www.odnowa.domchleba.com\/index.php?rest_route=\/wp\/v2\/posts"}],"about":[{"href":"http:\/\/www.odnowa.domchleba.com\/index.php?rest_route=\/wp\/v2\/types\/post"}],"author":[{"embeddable":true,"href":"http:\/\/www.odnowa.domchleba.com\/index.php?rest_route=\/wp\/v2\/users\/1"}],"replies":[{"embeddable":true,"href":"http:\/\/www.odnowa.domchleba.com\/index.php?rest_route=%2Fwp%2Fv2%2Fcomments&post=975"}],"version-history":[{"count":1,"href":"http:\/\/www.odnowa.domchleba.com\/index.php?rest_route=\/wp\/v2\/posts\/975\/revisions"}],"predecessor-version":[{"id":976,"href":"http:\/\/www.odnowa.domchleba.com\/index.php?rest_route=\/wp\/v2\/posts\/975\/revisions\/976"}],"wp:attachment":[{"href":"http:\/\/www.odnowa.domchleba.com\/index.php?rest_route=%2Fwp%2Fv2%2Fmedia&parent=975"}],"wp:term":[{"taxonomy":"category","embeddable":true,"href":"http:\/\/www.odnowa.domchleba.com\/index.php?rest_route=%2Fwp%2Fv2%2Fcategories&post=975"},{"taxonomy":"post_tag","embeddable":true,"href":"http:\/\/www.odnowa.domchleba.com\/index.php?rest_route=%2Fwp%2Fv2%2Ftags&post=975"}],"curies":[{"name":"wp","href":"https:\/\/api.w.org\/{rel}","templated":true}]}}