{"id":3041,"date":"2022-09-25T20:26:48","date_gmt":"2022-09-25T18:26:48","guid":{"rendered":"http:\/\/www.odnowa.domchleba.com\/?p=3041"},"modified":"2022-09-25T20:26:50","modified_gmt":"2022-09-25T18:26:50","slug":"nowy-biskup-pomocniczy-w-diecezji-elckiej","status":"publish","type":"post","link":"http:\/\/www.odnowa.domchleba.com\/?p=3041","title":{"rendered":"Nowy biskup pomocniczy w diecezji e\u0142ckiej"},"content":{"rendered":"\n<h3 class=\"wp-block-heading\">Ojciec \u015awi\u0119ty mianowa\u0142 ksi\u0119dza Dariusza Zalewskiego biskupem pomocniczym diecezji e\u0142ckiej \u2013 informuje Nuncjatura Apostolska w Warszawie.<\/h3>\n\n\n\n<p>Nuncjatura Apostolska<\/p>\n\n\n\n<p>w Polsce<\/p>\n\n\n\n<p>N. 8416\/22<\/p>\n\n\n\n<p>KOMUNIKAT<\/p>\n\n\n\n<p>Ojciec \u015awi\u0119ty&nbsp;<a href=\"https:\/\/www.ekai.pl\/informacje\/zagranica\/watykan\/papiez\/posty-franciszek\/\">Franciszek<\/a>&nbsp;mianowa\u0142<\/p>\n\n\n\n<p>ks. Dariusza ZALEWSKIEGO, proboszcza parafii b\u0142. Karoliny K\u00f3zk\u00f3wny w E\u0142ku, biskupem pomocniczym diecezji e\u0142ckiej i przydzieli\u0142 mu stolic\u0119 tytularn\u0105 H\u00f3lar.<\/p>\n\n\n\n<p>Warszawa, 24 wrze\u015bnia 2022 r.<\/p>\n\n\n\n<p>+ Salvatore Pennacchio<\/p>\n\n\n\n<p><a href=\"https:\/\/ekai.pl\/?s=Nuncjusz+Apostolski\">Nuncjusz Apostolski<\/a><\/p>\n\n\n\n<p>Biskup nominat urodzi\u0142 si\u0119 29 stycznia 1974 roku w Augustowie, \u015bwi\u0119cenia przyj\u0105\u0142 20 maja 2000 r. w E\u0142ku z r\u0105k Bp. Wojciecha Ziemby. W latach 2001-2008 odby\u0142 studia z teologii i wiedzy patrystycznej w Instytucie Patrystycznym Augustinianium w Rzymie uzyskuj\u0105c tytu\u0142 doktora. By\u0142 m.in. notariuszem i wicekanclerzem E\u0142ckiej Kurii Diecezjalnej, ojcem duchownym, wyk\u0142adowc\u0105 oraz prefektem roku propedeutycznego w Wy\u017cszym Seminarium Diecezjalnym w E\u0142ku. Od 2016 roku pe\u0142ni\u0142 pos\u0142ug\u0119 proboszcza Parafii pw. b\u0142. Karoliny K\u00f3zk\u00f3wny. Jest redaktorem naczelnym mi\u0119dzynarodowego recenzowanego czasopisma teologicznego \u201eStudia E\u0142ckie\u201d. <\/p>\n\n\n\n<p>Za EKAI.<\/p>\n\n\n\n<figure class=\"wp-block-image size-full\"><a href=\"http:\/\/www.odnowa.domchleba.com\/wp-content\/uploads\/2022\/09\/image-1.png\"><img decoding=\"async\" loading=\"lazy\" width=\"1024\" height=\"681\" src=\"http:\/\/www.odnowa.domchleba.com\/wp-content\/uploads\/2022\/09\/image-1.png\" alt=\"\" class=\"wp-image-3042\" srcset=\"http:\/\/www.odnowa.domchleba.com\/wp-content\/uploads\/2022\/09\/image-1.png 1024w, http:\/\/www.odnowa.domchleba.com\/wp-content\/uploads\/2022\/09\/image-1-300x200.png 300w, http:\/\/www.odnowa.domchleba.com\/wp-content\/uploads\/2022\/09\/image-1-768x511.png 768w\" sizes=\"(max-width: 1024px) 100vw, 1024px\" \/><\/a><\/figure>\n","protected":false},"excerpt":{"rendered":"<p>Ojciec \u015awi\u0119ty mianowa\u0142 ksi\u0119dza Dariusza Zalewskiego biskupem pomocniczym diecezji e\u0142ckiej \u2013 informuje Nuncjatura Apostolska w Warszawie. Nuncjatura Apostolska w Polsce&hellip;<\/p>\n","protected":false},"author":1,"featured_media":0,"comment_status":"open","ping_status":"open","sticky":false,"template":"","format":"standard","meta":[],"categories":[1],"tags":[33,34],"_links":{"self":[{"href":"http:\/\/www.odnowa.domchleba.com\/index.php?rest_route=\/wp\/v2\/posts\/3041"}],"collection":[{"href":"http:\/\/www.odnowa.domchleba.com\/index.php?rest_route=\/wp\/v2\/posts"}],"about":[{"href":"http:\/\/www.odnowa.domchleba.com\/index.php?rest_route=\/wp\/v2\/types\/post"}],"author":[{"embeddable":true,"href":"http:\/\/www.odnowa.domchleba.com\/index.php?rest_route=\/wp\/v2\/users\/1"}],"replies":[{"embeddable":true,"href":"http:\/\/www.odnowa.domchleba.com\/index.php?rest_route=%2Fwp%2Fv2%2Fcomments&post=3041"}],"version-history":[{"count":1,"href":"http:\/\/www.odnowa.domchleba.com\/index.php?rest_route=\/wp\/v2\/posts\/3041\/revisions"}],"predecessor-version":[{"id":3043,"href":"http:\/\/www.odnowa.domchleba.com\/index.php?rest_route=\/wp\/v2\/posts\/3041\/revisions\/3043"}],"wp:attachment":[{"href":"http:\/\/www.odnowa.domchleba.com\/index.php?rest_route=%2Fwp%2Fv2%2Fmedia&parent=3041"}],"wp:term":[{"taxonomy":"category","embeddable":true,"href":"http:\/\/www.odnowa.domchleba.com\/index.php?rest_route=%2Fwp%2Fv2%2Fcategories&post=3041"},{"taxonomy":"post_tag","embeddable":true,"href":"http:\/\/www.odnowa.domchleba.com\/index.php?rest_route=%2Fwp%2Fv2%2Ftags&post=3041"}],"curies":[{"name":"wp","href":"https:\/\/api.w.org\/{rel}","templated":true}]}}