{"id":2661,"date":"2020-11-08T10:53:18","date_gmt":"2020-11-08T09:53:18","guid":{"rendered":"http:\/\/www.odnowa.domchleba.com\/?p=2661"},"modified":"2020-11-17T21:20:09","modified_gmt":"2020-11-17T20:20:09","slug":"karol-sobczyk-wszystko-wokol-wola-o-pocieszyciela","status":"publish","type":"post","link":"http:\/\/www.odnowa.domchleba.com\/?p=2661","title":{"rendered":"Karol Sobczyk: wszystko wok\u00f3\u0142 wo\u0142a o Pocieszyciela"},"content":{"rendered":"\n<p><img decoding=\"async\" src=\"https:\/\/ekai.pl\/wp-content\/uploads\/2020\/11\/karol-sobczyk-1024x683.jpg\" alt=\"Sample\"><em>Fot. glosnapustyni.pl<\/em><\/p>\n\n\n\n<h3 class=\"wp-block-heading\">\u201cRodz\u0105ce si\u0119 w Polsce CHARIS pojawia si\u0119 w bardzo trudnym czasie, naznaczonym przez pandemi\u0119, protesty i powa\u017cne wstrz\u0105sy w Ko\u015bciele. Wszystko w nas i wok\u00f3\u0142 nas wo\u0142a o Pocieszyciela. To jest najlepszy moment, aby da\u0107 Mu pierwsze miejsce\u201d \u2013 m\u00f3wi Karol Sobczyk. Lider wsp\u00f3lnoty G\u0142os na Pustyni i cz\u0142onek zespo\u0142u inicjuj\u0105cego Krajow\u0105 S\u0142u\u017cb\u0119 Komunii CHARIS w Polsce. W rozmowie z KAI opowiada opowiada, czym jest CHARIS i jakie s\u0105 jej zadania. <\/h3>\n\n\n\n<h3 class=\"wp-block-heading\"><\/h3>\n\n\n\n<p>Dawid Gospodarek (KAI): CHARIS \u2013 s\u0142u\u017cba, kt\u00f3ra ma koordynowa\u0107 odnow\u0119 charyzmatyczn\u0105 w ca\u0142ym Ko\u015bciele katolickim, zosta\u0142a powo\u0142ana w uroczysto\u015b\u0107 Zes\u0142ania Ducha \u015awi\u0119tego 2019 roku. Jednym z jej najwa\u017cniejszych cel\u00f3w jest troska o jedno\u015b\u0107 w Ko\u015bciele. Co to dok\u0142adnie znaczy? O jak\u0105 jedno\u015b\u0107 chodzi?<\/p>\n\n\n\n<p><strong>Karol Sobczyk:<\/strong>&nbsp;Chodzi o tak\u0105 jedno\u015b\u0107, kt\u00f3ra czyni mi\u0119dzy nami poczucie istnienia rodziny. Przez wieki w chrze\u015bcija\u0144stwie d\u0105\u017cyli\u015bmy do uniformizmu. Kierowali\u015bmy si\u0119 zasad\u0105: je\u015bli si\u0119 z nami zgadza, je\u015bli mamy wsp\u00f3lne przekonania, jest z nami. Je\u015bli nie, oddzielali\u015bmy si\u0119 od siebie, nie tylko zrywaj\u0105c wi\u0119zi, ale cz\u0119sto staj\u0105c przeciw sobie nawzajem i przeciw temu, co dla nas wa\u017cne. Dobrze obrazuje to Reformacja.<\/p>\n\n\n\n<p>Owoce tego podzia\u0142u by\u0142y przera\u017caj\u0105ce. Zaledwie kilka lat od og\u0142oszenia reformacyjnych tez, chrze\u015bcijanie zacz\u0119li si\u0119 nawzajem zabija\u0107. I dzieli\u0107. Wrogo\u015b\u0107 by\u0142a tak wysoka, \u017ce wewn\u0105trz chrze\u015bcija\u0144stwa pojawi\u0142y si\u0119 wojny religijne, kt\u00f3rych pozosta\u0142o\u015b\u0107 wci\u0105\u017c jest w nas. Konsekwencj\u0105 by\u0142y postawy, kt\u00f3re przed Reformacj\u0105 nie mia\u0142y miejsca. Nazwa\u0142bym je postawami podzia\u0142u: od tamtej pory katolicy ulegaj\u0105 pokusie, aby ka\u017cd\u0105 odmienno\u015b\u0107 traktowa\u0107 z wrogo\u015bci\u0105 i pot\u0119pieniem, a uczniowie Marcina Lutra do\u015bwiadczaj\u0105 pokus, aby widz\u0105c b\u0142\u0119dy funkcjonuj\u0105ce w Ko\u015bciele, powo\u0142ywa\u0107 do istnienia nowy ko\u015bci\u00f3\u0142, dzi\u0119ki kt\u00f3remu naprawi\u0105 to, co dotychczas szwankowa\u0142o. Na przestrzeni wiek\u00f3w sytuacja staje si\u0119 wi\u0119c dramatyczna: powstaje ponad 50 tysi\u0119cy odseparowanych od siebie denominacji chrze\u015bcija\u0144skich, z kt\u00f3rych spora cz\u0119\u015b\u0107 wci\u0105\u017c uwa\u017ca, \u017ce ich droga jest t\u0105 jedyn\u0105 s\u0142uszn\u0105.<\/p>\n\n\n\n<p>Po prawie 400 latach od Reformacji, Duch \u015awi\u0119ty w male\u0144kiej wsp\u00f3lnocie przy Azusa Street w Los Angeles czyni co\u015b absolutnie zaskakuj\u0105cego. Rozpocz\u0119te tam poruszenie, nazwane p\u00f3\u017aniej przebudzeniem zielono\u015bwi\u0105tkowym, zaczyna przenika\u0107 wszystkie cz\u0119\u015bci Ko\u015bcio\u0142a Chrystusa. Co ciekawe, kontekstem tego spotkania jest fakt, \u017ce na Azusa Street pierwszy raz spotykaj\u0105 si\u0119 biali i czarni chrze\u015bcijanie na wsp\u00f3lnej modlitwie. W 1967 roku \u0142aska nowej pi\u0119\u0107dziesi\u0105tnicy dociera do Ko\u015bcio\u0142a katolickiego. Tak zaczyna si\u0119 katolicki ruch odnowy charyzmatycznej, kt\u00f3ry zaczyna przenika\u0107 katolickie wsp\u00f3lnoty i parafie. Dzi\u015b szacuje si\u0119, \u017ce tworzy go ponad 200 milion\u00f3w katolik\u00f3w. A\u017c w ko\u0144cu w drugiej dekadzie XXI wieku biskup Rzymu&nbsp;<a rel=\"noreferrer noopener\" href=\"https:\/\/ekai.pl\/search\/Franciszek\/\" target=\"_blank\">Franciszek<\/a>&nbsp;dostrzega fakt, kt\u00f3rego nie zauwa\u017cali\u015bmy wcze\u015bniej. Powiedzia\u0142, \u017ce powodem, dla kt\u00f3rego Duch \u015awi\u0119ty przyszed\u0142 z \u0142ask\u0105 odnowy charyzmatycznej by\u0142o to, aby przywr\u00f3ci\u0107 utracon\u0105 w\u015br\u00f3d chrze\u015bcijan jedno\u015b\u0107. I tym samym, aby odnowi\u0107 rozumienie siebie, jako rodziny. Dlatego te\u017c powo\u0142uje zupe\u0142nie now\u0105 s\u0142u\u017cb\u0119, kt\u00f3ra zast\u0119puje te poprzednio funkcjonuj\u0105ce na rzecz odnowy w Rzymie (ICCRS i Fraterni\u0119 Katolick\u0105), kt\u00f3r\u0105 nazywa CHARIS (gr. \u0142aska, ale te\u017c dobro\u0107 i \u017cycie). Tym samym nadaje ca\u0142ej \u015bwiatowej katolickiej odnowie charyzmatycznej now\u0105, czyteln\u0105 i zarazem wielk\u0105 wizj\u0119 wsp\u00f3lnych dzia\u0142a\u0144. Od teraz zaprasza, aby wszystkie katolickie rzeczywisto\u015bci charyzmatyczne na ca\u0142ym \u015bwiecie podj\u0119\u0142y wsp\u00f3lne zadania, tak aby: wszyscy w Ko\u015bciele zostali ochrzczeni w Duchu \u015awi\u0119tym, wszyscy przyst\u0105pili do pracy na rzecz odbudowania utraconej jedno\u015bci Ko\u015bcio\u0142a (buduj\u0105c relacje braterstwa i komuni\u0119 z wszystkimi wierz\u0105cymi w Jezusa Chrystusa), wszyscy przyst\u0105pili do pracy na rzecz uporania si\u0119 z ub\u00f3stwem i problemami spo\u0142ecznymi oraz aby wszyscy podj\u0119li dzie\u0142o ewangelizacji \u015bwiata.<\/p>\n\n\n\n<p><strong>KAI: Czy CHARIS dzia\u0142a r\u00f3wnie\u017c na rzecz jedno\u015bci w kontek\u015bcie wewn\u0119trznym? Wewn\u0105trz Ko\u015bcio\u0142a katolickiego?<\/strong><\/p>\n\n\n\n<p>\u2013 Tak. Ta rola jest powierzona przede wszystkim Krajowym S\u0142u\u017cbom Komunii, czyli s\u0142u\u017cbom CHARIS dzia\u0142aj\u0105cym na poziomie danego kraju. Nie jest to struktura zarz\u0105dzaj\u0105ca, ani posiadaj\u0105ca jak\u0105kolwiek w\u0142adz\u0119. To s\u0142u\u017cba, kt\u00f3ra ma pracowa\u0107 na rzecz budowania i umacniania komunii mi\u0119dzy grupami, wsp\u00f3lnotami i r\u00f3\u017cnymi rzeczywisto\u015bciami odnowy. I pomaga\u0107 im w\u0142a\u015bciwie realizowa\u0107 cele okre\u015blone przez CHARIS.<\/p>\n\n\n\n<p>W Polsce na przestrzeni ostatnich dziesi\u0119cioleci odnowa charyzmatyczna do\u015bwiadczy\u0142a wielu podzia\u0142\u00f3w. Pojawi\u0142y si\u0119 schematy, poprzez kt\u00f3re powtarzali\u015bmy grzechy przesz\u0142o\u015bci. Najpierw by\u0142 to rozd\u017awi\u0119k pomi\u0119dzy Ruchem \u015awiat\u0142o-\u017bycie, a Odnow\u0105 w Duchu \u015awi\u0119tym. P\u00f3\u017aniej napi\u0119cia pomi\u0119dzy ukszta\u0142towan\u0105 i umocowan\u0105 ju\u017c Odnow\u0105, a nowymi wsp\u00f3lnotami i grupami, w kt\u00f3rych Duch \u015awi\u0119ty wzbudza\u0142 charyzmaty i nowe ekspresje. Z czasem zacz\u0119li\u015bmy funkcjonowa\u0107 w do\u015b\u0107 wyra\u017anej separacji, niekiedy nawet deprecjonuj\u0105c nawzajem swoj\u0105 rol\u0119 czy podejmowane dzia\u0142ania, a nawet neguj\u0105c duchowe obdarowanie.<\/p>\n\n\n\n<p>CHARIS otwiera przed nami now\u0105 perspektyw\u0119. Ju\u017c samo nadanie wsp\u00f3lnego mianownika pomi\u0119dzy wszystkimi rzeczywisto\u015bciami charyzmatycznymi Ko\u015bcio\u0142a katolickiego, zbiera nas na nowo. I uczy nas dostrzega\u0107, \u017ce ka\u017cdy z nas ma jedynie pewn\u0105 rol\u0119 do spe\u0142nienia w wielkim planie Boga, pewn\u0105 drobn\u0105 cz\u0119\u015b\u0107. Z uwagi na to jeste\u015bmy r\u00f3\u017cni, ale w tej r\u00f3\u017cnorodno\u015bci potrzebujemy by\u0107 mi\u0119dzy sob\u0105 w jedno\u015bci. Dopiero nasza komunia tworzy prawdziwy efekt synergii. Kiedy jeste\u015bmy odseparowani, podarowane nam duchowe obdarowanie traci mo\u017cliwo\u015b\u0107 przep\u0142ywu, wp\u0142ywania na innych. Dodatkowo w odosobnieniu uwydatnione zostaj\u0105 nasze braki. Razem mo\u017cemy nie tylko pomaga\u0107 sobie nawzajem, ale mo\u017cemy zaj\u015b\u0107 o wiele, wiele dalej. I stajemy si\u0119 \u015bwiadectwem, kt\u00f3re sk\u0142ania ludzi do wiary w Chrystusa. Pan Jezus modli\u0142 si\u0119 o t\u0119 jedno\u015b\u0107, m\u00f3wi\u0105c: \u201eOby si\u0119 tak zespolili w jedno, aby \u015bwiat pozna\u0142, \u017ce\u015b Ty Mnie pos\u0142a\u0142 i \u017ce\u015b Ty ich umi\u0142owa\u0142 tak, jak Mnie umi\u0142owa\u0142e\u015b\u201d (J 17, 23).<\/p>\n\n\n\n<p><strong>KAI: W latach 90. w Polsce powsta\u0142o przynajmniej kilkana\u015bcie ko\u015bcio\u0142\u00f3w protestanckich, kt\u00f3re zosta\u0142y utworzone z ludzi b\u0119d\u0105cych wcze\u015bniej katolikami, a kt\u00f3re przynale\u017ca\u0142y do wsp\u00f3lnot Odnowy. Czy tutaj te\u017c mo\u017cliwa jest jedno\u015b\u0107?<\/strong><\/p>\n\n\n\n<p>\u2013 W naszym kraju w kontek\u015bcie odnowy charyzmatycznej mia\u0142y miejsce sytuacje, kt\u00f3re dramatycznie odbi\u0142y si\u0119 na wsp\u00f3\u0142pracy katolik\u00f3w i ewangelik\u00f3w, hamuj\u0105c nasz\u0105 jedno\u015b\u0107. Charakterystyczn\u0105 rzecz\u0105 jest to, \u017ce katolicka odnowa charyzmatyczna w Polsce sta\u0142a si\u0119 wyra\u017anie sceptyczna ekumenicznie, w por\u00f3wnaniu do odnowy innych kraj\u00f3w. Tak jak w latach 90. byli\u015bmy jeszcze gotowi na to, by wraz z niekatolikami stawa\u0107 we wsp\u00f3lnej pos\u0142udze, r\u00f3wnie\u017c tej publicznej (jak np. podczas Kongresu w Warszawie w 1993 roku z udzia\u0142em Johna Wimbera i Ralpha Martina), tak kolejne lata przynios\u0142y okres wyra\u017anego och\u0142odzenia. Dosz\u0142o do tego, \u017ce niekt\u00f3rzy katolicy zacz\u0119li twierdzi\u0107, \u017ce wy\u0142\u0105cznie katolicka odnowa charyzmatyczna jest autentyczna, a wszystkie niekatolickie wyrazy tej odnowy s\u0105 albo \u201enieczystym \u017ar\u00f3d\u0142em\u201d na kt\u00f3ry trzeba uwa\u017ca\u0107, albo wr\u0119cz zupe\u0142nie nie pochodz\u0105 od Ducha \u015awi\u0119tego. Tak\u0105 postaw\u0119 osobi\u015bcie nazywam prywatyzacj\u0105 Kr\u00f3lestwa Bo\u017cego. Odnowa jest jedna. Jest odnow\u0105 czynion\u0105 przez Ducha \u015awi\u0119tego. To nie my jeste\u015bmy w Jego posiadaniu, ale wchodzimy w Jego nurt i poddajemy si\u0119 Jego dzia\u0142aniu.<\/p>\n\n\n\n<p>Roz\u0142amy we wsp\u00f3lnotach, kt\u00f3rych skutkiem by\u0142o powstanie nowych ko\u015bcio\u0142\u00f3w, nie by\u0142y powodowane b\u0142\u0119dami jednej strony. W ubieg\u0142ym wieku u katolik\u00f3w odnowa charyzmatyczna by\u0142a dopiero u pocz\u0105tk\u00f3w, by\u0142a w czasie zakorzeniania si\u0119. Proces ten wymaga\u0142 zatem z jednej strony nadzwyczajnej wra\u017cliwo\u015bci i cierpliwo\u015bci \u2013 z drugiej m\u0105dro\u015bci, odwagi i stanowczo\u015bci. W niekt\u00f3rych miejscach, wcale nie tak nielicznych, to si\u0119 po prostu nie uda\u0142o. <\/p>\n\n\n\n<p>Niekt\u00f3rzy szukaj\u0105c mo\u017cliwo\u015bci utorowania drogi dla odnowy w swoich parafiach przekraczali pewne granice, albo ca\u0142kowicie porzucali s\u0142u\u017cb\u0119 na jej rzecz. Inni, aby umo\u017cliwi\u0107 jak\u0105kolwiek jej obecno\u015b\u0107 \u2013 cho\u0107by namiastki, wybierali takie sposoby jej \u201eimplementacji\u201d, \u017ce w praktyce duchowa odnowa przestawa\u0142a by\u0107 poddana i prowadzona przez Ducha \u015awi\u0119tego, poniewa\u017c by\u0142a zredukowana wy\u0142\u0105cznie do tego, co bezpieczne i daj\u0105ce si\u0119 kontrolowa\u0107. Co dzi\u015b czyni ich bardziej sympatykami odnowy, ni\u017c rzeczywist\u0105 odnow\u0105. W tych wszystkich miejscach ruch charyzmatyczny rozbija\u0142 si\u0119 o \u015bciany, a pr\u00f3by ko\u0144czy\u0142y si\u0119 fiaskiem. Ale nie tylko to zatrzymywa\u0142o ruch charyzmatyczny w Ko\u015bciele katolickim.<\/p>\n\n\n\n<p>Wielu ludzi s\u0142u\u017c\u0105cych odnowie do\u015bwiadczy\u0142o b\u00f3lu niezrozumienia, odrzucenia, klerykalizmu. \u015ap. ks. dr Peter Hocken, \u015bwiatowej renomy ekspert katolickiej odnowy charyzmatycznej i cz\u0142onek komisji doktrynalnej ICCRS w Rzymie m\u00f3wi\u0142, \u017ce Polska by\u0142a jedynym krajem europejskim, w kt\u00f3rym zdarza\u0142o si\u0119, \u017ce katolicy byli ekskomunikowani za u\u017cywanie dar\u00f3w Ducha \u015awi\u0119tego.<\/p>\n\n\n\n<p>Ponadto trzeba wzi\u0105\u0107 pod uwag\u0119, \u017ce czas, w kt\u00f3rym odnowa charyzmatyczna zapuka\u0142a w Polsce do drzwi Ko\u015bcio\u0142a katolickiego, nie by\u0142 zbyt dobry. Ko\u015bci\u00f3\u0142 \u017cy\u0142 w tamtym czasie czym\u015b zupe\u0142nie innym \u2013 perspektyw\u0105 walki i p\u00f3\u017aniejszego zwyci\u0119stwa nad komunizmem, kt\u00f3re zosta\u0142o odniesione w du\u017cej mierze dzi\u0119ki jego zasadom, bezkompromisowo\u015bci i determinacji. Te nieocenione i chwalebne do\u015bwiadczenia, ukazuj\u0105ce si\u0142\u0119 \u00f3wczesnego Ko\u015bcio\u0142a, wp\u0142yn\u0119\u0142y jednak r\u00f3wnie\u017c na jego elastyczno\u015b\u0107 (formowalno\u015b\u0107), a tak\u017ce na to, \u017ce Ko\u015bci\u00f3\u0142 w Polsce przez wiele lat nie widzia\u0142 specjalnej potrzeby odnowy. Zesztywnia\u0142e struktury nie by\u0142y przygotowane na nowe wino. Trzeba te\u017c mie\u0107 \u015bwiadomo\u015b\u0107, \u017ce Polska jest krajem bardzo zdominowanym przez katolik\u00f3w (nawet w naszym postrzeganiu Ko\u015bcio\u0142a cz\u0119sto zupe\u0142nie pomijamy niekatolik\u00f3w), co utrudnia\u0142o przyj\u0119cie tego nowego duchowego dziedzictwa, kt\u00f3re przecie\u017c wychodzi\u0142o od Ko\u015bcio\u0142a Zielono\u015bwi\u0105tkowego. Musieli\u015bmy si\u0119 nie tylko nauczy\u0107 tego, czym ono jest, ale przede wszystkim jak powinni\u015bmy je przyjmowa\u0107. I to w taki spos\u00f3b, aby sta\u0142o si\u0119 nie tylko cz\u0119\u015bci\u0105 naszej katolickiej to\u017csamo\u015bci, ale aby t\u0119 to\u017csamo\u015b\u0107 mog\u0142o w\u0142a\u015bciwie kszta\u0142towa\u0107.<\/p>\n\n\n\n<p>To wszystko nie by\u0142o proste. Powsta\u0142e na skutek napi\u0119\u0107 roz\u0142amy i rany wymagaj\u0105 dzi\u015b nie tylko uzdrowienia, ale te\u017c konkretnej pokuty z ka\u017cdej strony. Problem z odzyskaniem jedno\u015bci polega nie na tym, kto ma racj\u0119, ale na tym, kto pierwszy powie \u201eprzepraszam\u201d. Bo na tej scenie nie ma osoby, kt\u00f3ra nie ma za co przeprosi\u0107. Ka\u017cdy konflikt, ka\u017cdy kryzys, aby m\u00f3g\u0142 si\u0119 zako\u0144czy\u0107, musi w pewnym momencie osi\u0105gn\u0105\u0107 prze\u0142omowy moment, wyra\u017caj\u0105cy si\u0119 w tym kluczowym s\u0142owie. Wierz\u0119, \u017ce je\u015bli obie strony tych konflikt\u00f3w wypowiedz\u0105 swoje szczere \u201cprzepraszam\u201d, nawet nie zgadzaj\u0105c si\u0119 dalej w pewnych kwestiach, b\u0119d\u0105 mog\u0142y i\u015b\u0107 dalej razem.<\/p>\n\n\n\n<p><strong>KAI: Wczoraj odby\u0142o si\u0119 wa\u017cne spotkanie organizacyjne. Wzi\u0119\u0142o w nim udzia\u0142 kilku biskup\u00f3w i lider\u00f3w wsp\u00f3lnot. Mo\u017cesz powiedzie\u0107, jaki cel mia\u0142o to spotkanie, co na nim ustalono?<\/strong><\/p>\n\n\n\n<p>\u2013 Jeste\u015bmy w trakcie kszta\u0142towania Krajowej S\u0142u\u017cby Komunii w Polsce. Poszukujemy najlepszej drogi dla w\u0142a\u015bciwego dzia\u0142ania CHARIS w Polsce. W zespole inicjuj\u0105cym jest abp Grzegorz Ry\u015b, bp Andrzej Przybylski, bp Andrzej Siemieniewski i bp Krzysztof W\u0142odarczyk. Obecnym zespo\u0142em kieruje Antoni Tompolski, dyrektor Alpha Polska. S\u0105 te\u017c przedstawiciele Ruchu \u015awiat\u0142o-\u017bycie, Odnowy w Duchu \u015awi\u0119tym, Szk\u00f3\u0142 Nowej Ewangelizacji, Forum Wsp\u00f3lnot powsta\u0142ego przy Zespole ds. Nowej Ewangelizacji KEP, a tak\u017ce osoby reprezentuj\u0105ce instytuty \u017cycia zakonnego i inne rzeczywisto\u015bci odnowy charyzmatycznej w naszym kraju.<\/p>\n\n\n\n<p>Wszyscy mamy poczucie, \u017ce jest to wa\u017cny moment dla Ko\u015bcio\u0142a w Polsce; a na pewno historyczny dla odnowy charyzmatycznej. Rodz\u0105ce si\u0119 w Polsce CHARIS pojawia si\u0119 w bardzo trudnym czasie, naznaczonym przez pandemi\u0119, protesty i powa\u017cne wstrz\u0105sy w Ko\u015bciele. Wszystko w nas i wok\u00f3\u0142 nas wo\u0142a o Pocieszyciela. To jest najlepszy moment, aby da\u0107 Mu pierwsze miejsce. Nie tylko w \u017cyciu. W ca\u0142ym Ko\u015bciele.<br><a rel=\"noreferrer noopener\" href=\"https:\/\/ekai.pl\/search\/Karol+Sobczyk\/\" target=\"_blank\">Karol Sobczyk<\/a>&nbsp;\u2013 lider wsp\u00f3lnoty G\u0142os na Pustyni, w ramach kt\u00f3rej wraz z \u017con\u0105 Ma\u0142gorzat\u0105 podejmuje szereg dzia\u0142a\u0144 na rzecz jedno\u015bci, wzrostu i odnowy Ko\u015bcio\u0142a. Dynamiczny m\u00f3wca, autor ksi\u0105\u017cek i publikacji, sekretarz Sekretariatu ds. Nowej Ewangelizacji Archidiecezji Krakowskiej. W latach 2012-2017, r\u00f3wnie\u017c w ramach Sekretariatu, \u015bci\u015ble wsp\u00f3\u0142pracowa\u0142 z abp Grzegorzem Rysiem. Od 2018 roku jest cz\u0142onkiem Rady ds. Dialogu Ekumenicznego i Mi\u0119dzyreligijnego Archidiecezji Krakowskiej.<\/p>\n\n\n\n<p>Jego s\u0142u\u017cba na rzecz odnowy charyzmatycznej oraz jedno\u015bci chrze\u015bcijan, zaowocowa\u0142a mi\u0119dzynarodow\u0105 wsp\u00f3\u0142prac\u0105 z Charismatic Leaders Fellowship (Augusta, USA), a tak\u017ce z instytutem Centro Pro-Unione (Rzym, W\u0142ochy), gdzie wspiera wypracowywanie dialogu pomi\u0119dzy rzymskimi katolikami i chrze\u015bcijanami wolnymi (non-denominational Christians). Cz\u0142onek zespo\u0142u inicjuj\u0105cego Krajow\u0105 S\u0142u\u017cb\u0119 Komunii CHARIS w Polsce. <\/p>\n\n\n\n<p>Za KAI.<a rel=\"noreferrer noopener\" href=\"https:\/\/ekai.pl\/#facebook\" target=\"_blank\"><\/a><\/p>\n","protected":false},"excerpt":{"rendered":"<p>Fot. glosnapustyni.pl \u201cRodz\u0105ce si\u0119 w Polsce CHARIS pojawia si\u0119 w bardzo trudnym czasie, naznaczonym przez pandemi\u0119, protesty i powa\u017cne wstrz\u0105sy&hellip;<\/p>\n","protected":false},"author":1,"featured_media":0,"comment_status":"open","ping_status":"open","sticky":false,"template":"","format":"standard","meta":[],"categories":[1],"tags":[],"_links":{"self":[{"href":"http:\/\/www.odnowa.domchleba.com\/index.php?rest_route=\/wp\/v2\/posts\/2661"}],"collection":[{"href":"http:\/\/www.odnowa.domchleba.com\/index.php?rest_route=\/wp\/v2\/posts"}],"about":[{"href":"http:\/\/www.odnowa.domchleba.com\/index.php?rest_route=\/wp\/v2\/types\/post"}],"author":[{"embeddable":true,"href":"http:\/\/www.odnowa.domchleba.com\/index.php?rest_route=\/wp\/v2\/users\/1"}],"replies":[{"embeddable":true,"href":"http:\/\/www.odnowa.domchleba.com\/index.php?rest_route=%2Fwp%2Fv2%2Fcomments&post=2661"}],"version-history":[{"count":2,"href":"http:\/\/www.odnowa.domchleba.com\/index.php?rest_route=\/wp\/v2\/posts\/2661\/revisions"}],"predecessor-version":[{"id":2670,"href":"http:\/\/www.odnowa.domchleba.com\/index.php?rest_route=\/wp\/v2\/posts\/2661\/revisions\/2670"}],"wp:attachment":[{"href":"http:\/\/www.odnowa.domchleba.com\/index.php?rest_route=%2Fwp%2Fv2%2Fmedia&parent=2661"}],"wp:term":[{"taxonomy":"category","embeddable":true,"href":"http:\/\/www.odnowa.domchleba.com\/index.php?rest_route=%2Fwp%2Fv2%2Fcategories&post=2661"},{"taxonomy":"post_tag","embeddable":true,"href":"http:\/\/www.odnowa.domchleba.com\/index.php?rest_route=%2Fwp%2Fv2%2Ftags&post=2661"}],"curies":[{"name":"wp","href":"https:\/\/api.w.org\/{rel}","templated":true}]}}