{"id":2134,"date":"2018-09-13T20:47:30","date_gmt":"2018-09-13T18:47:30","guid":{"rendered":"http:\/\/www.odnowa.domchleba.com\/?p=2134"},"modified":"2018-09-13T20:47:30","modified_gmt":"2018-09-13T18:47:30","slug":"ostatnie-oredzie-iz-medziugorje-2-wrzesien-2018r-oredzie-dla-mirjany","status":"publish","type":"post","link":"http:\/\/www.odnowa.domchleba.com\/?p=2134","title":{"rendered":"Ostatnie Or\u0119dzie iz Medziugorje, 2. wrzesie\u0144 2018r. &#8211; Or\u0119dzie dla Mirjany"},"content":{"rendered":"<p><span class=\"bq\">\u201e<\/span><span class=\"d\">D<\/span>rogie dzieci, Moje s\u0142owa s\u0105 proste, ale pe\u0142ne matczynej mi\u0142o\u015bci i troski. Moje dzieci, nadci\u0105gaj\u0105 nad was cienie ciemno\u015bci i k\u0142amstwa, a ja wzywam was do \u015bwiat\u0142a i prawdy. Tylko On mo\u017ce przemieni\u0107 rozpacz i cierpienie w pok\u00f3j i spok\u00f3j, tylko On mo\u017ce da\u0107 nadziej\u0119 w najg\u0142\u0119bszym b\u00f3lu. M\u00f3j Syn jest \u017cyciem \u015bwiata! Im lepiej Go poznacie, im bardziej si\u0119 do Niego zbli\u017cycie, b\u0119dziecie Go bardziej kocha\u0107, gdy\u017c m\u00f3j Syn jest mi\u0142o\u015bci\u0105, a mi\u0142o\u015b\u0107 wszystko przemienia. Czyni przepi\u0119knym to, co bez mi\u0142o\u015bci wydaje si\u0119 wam czym\u015b nieznacz\u0105cym. Dlatego wi\u0119c ponownie m\u00f3wi\u0119 wam, je\u015bli chcecie wzrasta\u0107 duchowo, musicie bardzo kocha\u0107. Wiem, aposto\u0142owie mojej mi\u0142o\u015bci, \u017ce nie zawsze jest \u0142atwo, ale moje dzieci, bolesne drogi r\u00f3wnie\u017c prowadz\u0105 do wzrostu duchowego, wzrostu wiary w mojego Syna. Moje dzieci, m\u00f3dlcie si\u0119, rozmy\u015blajcie o moim Synu. W ka\u017cdym momencie swojego \u017cycia wzno\u015bcie swoj\u0105 dusz\u0119 ku Niemu, a ja b\u0119d\u0119 zbiera\u0107 wasze modlitwy jak kwiaty z najpi\u0119kniejszego ogrodu, by darowa\u0107 je mojemu Synowi. B\u0105d\u017acie prawdziwymi aposto\u0142ami mojej mi\u0142o\u015bci, nie\u015bcie wszystkim mi\u0142o\u015b\u0107 mojego Syna, b\u0105d\u017acie ogrodami najpi\u0119kniejszych kwiat\u00f3w. Wspomagajcie modlitw\u0105 swoich pasterzy, aby mogli by\u0107 duchowymi oczyma mi\u0142uj\u0105cymi wszystkich ludzi. Dzi\u0119kuj\u0119 wam!\u00a0<span class=\"eq\">\u201d<\/span><\/p>\n","protected":false},"excerpt":{"rendered":"<p>\u201eDrogie dzieci, Moje s\u0142owa s\u0105 proste, ale pe\u0142ne matczynej mi\u0142o\u015bci i troski. Moje dzieci, nadci\u0105gaj\u0105 nad was cienie ciemno\u015bci i&hellip;<\/p>\n","protected":false},"author":1,"featured_media":0,"comment_status":"open","ping_status":"open","sticky":false,"template":"","format":"standard","meta":[],"categories":[1],"tags":[],"_links":{"self":[{"href":"http:\/\/www.odnowa.domchleba.com\/index.php?rest_route=\/wp\/v2\/posts\/2134"}],"collection":[{"href":"http:\/\/www.odnowa.domchleba.com\/index.php?rest_route=\/wp\/v2\/posts"}],"about":[{"href":"http:\/\/www.odnowa.domchleba.com\/index.php?rest_route=\/wp\/v2\/types\/post"}],"author":[{"embeddable":true,"href":"http:\/\/www.odnowa.domchleba.com\/index.php?rest_route=\/wp\/v2\/users\/1"}],"replies":[{"embeddable":true,"href":"http:\/\/www.odnowa.domchleba.com\/index.php?rest_route=%2Fwp%2Fv2%2Fcomments&post=2134"}],"version-history":[{"count":1,"href":"http:\/\/www.odnowa.domchleba.com\/index.php?rest_route=\/wp\/v2\/posts\/2134\/revisions"}],"predecessor-version":[{"id":2135,"href":"http:\/\/www.odnowa.domchleba.com\/index.php?rest_route=\/wp\/v2\/posts\/2134\/revisions\/2135"}],"wp:attachment":[{"href":"http:\/\/www.odnowa.domchleba.com\/index.php?rest_route=%2Fwp%2Fv2%2Fmedia&parent=2134"}],"wp:term":[{"taxonomy":"category","embeddable":true,"href":"http:\/\/www.odnowa.domchleba.com\/index.php?rest_route=%2Fwp%2Fv2%2Fcategories&post=2134"},{"taxonomy":"post_tag","embeddable":true,"href":"http:\/\/www.odnowa.domchleba.com\/index.php?rest_route=%2Fwp%2Fv2%2Ftags&post=2134"}],"curies":[{"name":"wp","href":"https:\/\/api.w.org\/{rel}","templated":true}]}}