{"id":1943,"date":"2017-10-01T20:38:44","date_gmt":"2017-10-01T18:38:44","guid":{"rendered":"http:\/\/www.odnowa.domchleba.com\/?p=1943"},"modified":"2017-10-01T20:38:44","modified_gmt":"2017-10-01T18:38:44","slug":"rozaniec-do-granic","status":"publish","type":"post","link":"http:\/\/www.odnowa.domchleba.com\/?p=1943","title":{"rendered":"R\u00f3\u017caniec do granic."},"content":{"rendered":"<h3><strong>KOMUNIKAT<\/strong><\/h3>\n<h3><strong>BISKUPA E\u0141CKIEGO<\/strong><\/h3>\n<h3><strong>DOTYCZ\u0104CY INICJATYWY \u201eR\u00d3\u017bANIEC DO GRANIC\u201d W DIECEZJI E\u0141CKIE<\/strong>J<\/h3>\n<p>Trwamy w jubileuszowym roku objawie\u0144 w\u00a0Fatimie. Szczeg\u00f3ln\u0105 sposobno\u015bci\u0105 do realizowania wezwania Matki Bo\u017cej jest og\u00f3lnopolska inicjatywa \u201eR\u00f3\u017caniec do granic\u201d. W sobot\u0119, 7 pa\u017adziernika, otoczymy modlitw\u0105 r\u00f3\u017ca\u0144cow\u0105 ca\u0142\u0105 nasz\u0105 ojczyzn\u0119, aby modli\u0107 si\u0119 w intencji naszej Ojczyzny, Europy<br \/>\ni ca\u0142ego \u015bwiata. Modli\u0107 si\u0119 b\u0119dziemy szczeg\u00f3lnie za rodziny i o umocnienie na drodze wiary.<\/p>\n<p>Maryja w Fatimie przekaza\u0142a nam Or\u0119dzie wzywaj\u0105ce do nawr\u00f3cenia, pokuty i modlitwy r\u00f3\u017ca\u0144cowej, a tak\u017ce pro\u015bb\u0119 o nabo\u017ce\u0144stwo do Jej Niepokalanego Serca, czyli zawierzenia si\u0119 Jej Niepokalanemu Sercu<br \/>\ni nabo\u017ce\u0144stwo I Sob\u00f3t Miesi\u0105ca. R\u00f3\u017caniec to jest nasza bro\u0144. To jest nasza tarcza. Aby przezwyci\u0119\u017ca\u0107 z\u0142o i grzech, korzystajmy z tego or\u0119\u017ca. I nie tylko m\u00f3dlmy si\u0119 o swoje zbawienie, ale te\u017c i o zbawienie drugiego cz\u0142owieka, aby\u015bmy zado\u015b\u0107uczynili za grzechy innych. \u017bycz\u0119 wszystkim diecezjanom, aby ta inicjatywa przyczyni\u0142a si\u0119 tak\u017ce do odkrycia skarbu, kt\u00f3rym jest modlitwa r\u00f3\u017ca\u0144cowa.<\/p>\n<p>Nabo\u017ce\u0144stwa \u201eR\u00f3\u017ca\u0144ca do granic\u201d zostan\u0105 przeprowadzone w tzw. ko\u015bcio\u0142ach stacyjnych.<br \/>\nW diecezji e\u0142ckiej ko\u015bcio\u0142ami stacyjnymi sta\u0142y si\u0119 wszystkie ko\u015bcio\u0142y parafialne wzd\u0142u\u017c granicy: W\u0119gielsztyn, Olszewo W\u0119gorzewskie, Budry, Banie Mazurskie, \u017babin, Go\u0142dap (NMP Matki Ko\u015bcio\u0142a), Go\u0142dap (\u015bw. J\u00f3zefa), Dubeninki, \u017bytkiejmy, Wi\u017cajny, Rutka-Tartak, Becej\u0142y, Pu\u0144sk, Smolany, Sejny, Ber\u017cniki, Giby, Mikasz\u00f3wka, Lipsk, Ryga\u0142\u00f3wka. Ponadto zosta\u0142y wyznaczone dwa inne miejsca stacyjne \u201eR\u00f3\u017ca\u0144ca do Granic\u201d: Katedra e\u0142cka i Sanktuarium Matki Bo\u017cej Studzienicza\u0144skiej.<\/p>\n<p>We wszystkich ko\u015bcio\u0142ach stacyjnych naszej diecezji ju\u017c o godz. 10.30 rozpocznie si\u0119 konferencja wprowadzaj\u0105ca, a nast\u0119pnie o godz. 11.00 Msza \u015bw. Bezpo\u015brednio po Eucharystii\u00a0 zostanie przeprowadzone Nabo\u017ce\u0144stwo Eucharystyczne, a po nim rozpocznie si\u0119 modlitwa r\u00f3\u017ca\u0144cowa po\u0142\u0105czona<br \/>\nz pielgrzymowaniem. Z ka\u017cdego ko\u015bcio\u0142a stacyjnego wierni b\u0119d\u0105 pielgrzymowa\u0107 w dw\u00f3ch kierunkach, odmawiaj\u0105c cztery cz\u0119\u015bci r\u00f3\u017ca\u0144ca: dwie cz\u0119\u015bci w intencji rodzin i Polski oraz dwie w intencji pokoju<br \/>\nw Europie i na \u015bwiecie. Wi\u0119cej informacji znajduje si\u0119 na stronie internetowej:\u00a0<a href=\"http:\/\/www.rozaniecdogranic.pl\/\">www.rozaniecdogranic.pl<\/a><\/p>\n<p>Zapraszam wszystkich diecezjan do w\u0142\u0105czenia si\u0119 w inicjatyw\u0119 \u201eR\u00f3\u017caniec do granic\u201d<br \/>\nw wyznaczonych ko\u015bcio\u0142ach stacyjnych naszej diecezji. Ponadto w parafiach przygranicznych zapraszam, aby gromadzi\u0107 si\u0119 r\u00f3wnie\u017c przy kapliczkach i krzy\u017cach przydro\u017cnych. Szczeg\u00f3lne zaproszenie kieruj\u0119<br \/>\ndo wszystkich chorych i cierpi\u0105cych, aby zjednoczyli si\u0119 duchowo odmawiaj\u0105c w tym czasie modlitw\u0119 r\u00f3\u017ca\u0144cow\u0105. Natomiast wszyscy, kt\u00f3rzy nie b\u0119d\u0105 mogli uda\u0107 si\u0119 do ko\u015bcio\u0142\u00f3w stacyjnych, niech odmawiaj\u0105 modlitw\u0119 r\u00f3\u017ca\u0144cow\u0105 w swoich ko\u015bcio\u0142ach parafialnych lub w swoich domach. W tym dniu pragniemy z\u0142o\u017cy\u0107 dar serca na tac\u0119, czy w innej formie jako pomoc rodzinom z Aleppo w Syrii.<\/p>\n<p>Pragn\u0119 r\u00f3wnie\u017c przypomnie\u0107, \u017ce jest to pierwsza sobota miesi\u0105ca. Dlatego te\u017c zach\u0119cam<br \/>\ndo nabo\u017ce\u0144stwa pierwszej soboty miesi\u0105ca, kt\u00f3re zawiera cztery istotne warunki: spowied\u017a wynagradzaj\u0105c\u0105, Komuni\u0119 \u015bw. wynagradzaj\u0105c\u0105, odm\u00f3wienie r\u00f3\u017ca\u0144ca i 15 \u2013 minutow\u0105 medytacj\u0119. Do spowiedzi w intencji wynagradzaj\u0105cej mo\u017cna przyst\u0105pi\u0107 ju\u017c wcze\u015bniej.<\/p>\n<p>S\u0142owa Chrystusa:\u00a0<em>\u201eId\u017acie i g\u0142o\u015bcie<\/em>\u201d, niech nas wszystkich jeszcze bardziej mobilizuj\u0105 do zapraszania<br \/>\ni zach\u0119cania naszych bli\u017anich do wype\u0142niania pro\u015bby Matki Bo\u017cej z Fatimy. Pro\u015bmy<br \/>\no wstawiennictwo za nami u Boga \u015bwi\u0119te dzieci fatimskie Hiacynt\u0119 i Franciszka. Duch \u015awi\u0119ty niech umacnia nas na tej drodze pe\u0142nienia woli Bo\u017cej i wype\u0142nienia pro\u015bby Maryi.<\/p>\n<p>Wszystkim z serca b\u0142ogos\u0142awi\u0119: w Imi\u0119 Ojca i Syna, i Ducha \u015awi\u0119tego. Amen.<\/p>\n<p><img decoding=\"async\" src=\"http:\/\/kmdm.pl\/wp-content\/uploads\/2017\/07\/rozaniec-do-granic.png\" alt=\"Znalezione obrazy dla zapytania r\u00f3\u017caniec do granic\" \/><\/p>\n","protected":false},"excerpt":{"rendered":"<p>KOMUNIKAT BISKUPA E\u0141CKIEGO DOTYCZ\u0104CY INICJATYWY \u201eR\u00d3\u017bANIEC DO GRANIC\u201d W DIECEZJI E\u0141CKIEJ Trwamy w jubileuszowym roku objawie\u0144 w\u00a0Fatimie. Szczeg\u00f3ln\u0105 sposobno\u015bci\u0105 do&hellip;<\/p>\n","protected":false},"author":1,"featured_media":0,"comment_status":"open","ping_status":"open","sticky":false,"template":"","format":"standard","meta":[],"categories":[1],"tags":[],"_links":{"self":[{"href":"http:\/\/www.odnowa.domchleba.com\/index.php?rest_route=\/wp\/v2\/posts\/1943"}],"collection":[{"href":"http:\/\/www.odnowa.domchleba.com\/index.php?rest_route=\/wp\/v2\/posts"}],"about":[{"href":"http:\/\/www.odnowa.domchleba.com\/index.php?rest_route=\/wp\/v2\/types\/post"}],"author":[{"embeddable":true,"href":"http:\/\/www.odnowa.domchleba.com\/index.php?rest_route=\/wp\/v2\/users\/1"}],"replies":[{"embeddable":true,"href":"http:\/\/www.odnowa.domchleba.com\/index.php?rest_route=%2Fwp%2Fv2%2Fcomments&post=1943"}],"version-history":[{"count":1,"href":"http:\/\/www.odnowa.domchleba.com\/index.php?rest_route=\/wp\/v2\/posts\/1943\/revisions"}],"predecessor-version":[{"id":1944,"href":"http:\/\/www.odnowa.domchleba.com\/index.php?rest_route=\/wp\/v2\/posts\/1943\/revisions\/1944"}],"wp:attachment":[{"href":"http:\/\/www.odnowa.domchleba.com\/index.php?rest_route=%2Fwp%2Fv2%2Fmedia&parent=1943"}],"wp:term":[{"taxonomy":"category","embeddable":true,"href":"http:\/\/www.odnowa.domchleba.com\/index.php?rest_route=%2Fwp%2Fv2%2Fcategories&post=1943"},{"taxonomy":"post_tag","embeddable":true,"href":"http:\/\/www.odnowa.domchleba.com\/index.php?rest_route=%2Fwp%2Fv2%2Ftags&post=1943"}],"curies":[{"name":"wp","href":"https:\/\/api.w.org\/{rel}","templated":true}]}}