{"id":1910,"date":"2017-09-04T22:05:40","date_gmt":"2017-09-04T20:05:40","guid":{"rendered":"http:\/\/www.odnowa.domchleba.com\/?p=1910"},"modified":"2017-09-04T22:05:40","modified_gmt":"2017-09-04T20:05:40","slug":"zloty-jubileusz-odnowy-w-duchu-swietym-diecezji-elckiej","status":"publish","type":"post","link":"http:\/\/www.odnowa.domchleba.com\/?p=1910","title":{"rendered":"Z\u0141OTY JUBILEUSZ ODNOWY W DUCHU \u015aWI\u0118TYM DIECEZJI E\u0141CKIEJ"},"content":{"rendered":"<div class=\"page-header\">\n<h2>Z\u0142oty Jubileusz Odnowy w Duchu \u015awi\u0119tym Diecezji E\u0142ckiej<\/h2>\n<\/div>\n<div class=\"icons\"><\/div>\n<div>\n<p><img decoding=\"async\" loading=\"lazy\" dir=\"ltr\" src=\"https:\/\/www.tomasz.elk.pl\/images\/sampledata\/grafiki\/2017\/golden_jubilee.png\" alt=\"golden jubilee\" width=\"800\" height=\"122\" \/><\/p>\n<h3><strong>Z\u0141OTY JUBILEUSZ ODNOWY W DUCHU \u015aWI\u0118TYM DIECEZJI E\u0141CKIEJ<\/strong><\/h3>\n<p><strong>30 wrze\u015bnia 2017 r.<\/strong><\/p>\n<p><strong>HALA SPORTOWO-WIDOWISKOWA<\/strong><br \/>\n<strong>ul. \u015bw. M.M Kolbego 11, E\u0142k<\/strong><\/p>\n<p><strong>Zg\u0142oszenia przyjmujemy do 15 wrze\u015bnia 2017 r.<\/strong><\/p>\n<p>Pragniemy przekaza\u0107 najwa\u017cniejsze informacje dotycz\u0105ce rejestracji uczestnik\u00f3w Z\u0142otego Jubileuszu Odnowy w Duchu \u015awi\u0119tym Diecezji E\u0142ckiej &#8211; 30.09.2017 r.<br \/>\nPoni\u017cej w zg\u0142oszeniu online mo\u017cna zg\u0142osi\u0107 liczb\u0119 os\u00f3b korzystaj\u0105cych ze spotkania modlitewnego, poda\u0107 liczb\u0119 os\u00f3b korzystaj\u0105cych z obiadu, a tak\u017ce ui\u015bci\u0107 stosowne op\u0142aty za uczestnictwo w Z\u0142otym Jubileuszu<\/p>\n<p><strong>Op\u0142aty:<\/strong><\/p>\n<ul>\n<li>cena obiadu &#8211; 15 z\u0142<\/li>\n<li>op\u0142ata sta\u0142a dla uczestnik\u00f3w od 18 roku \u017cycia &#8211; 20 z\u0142<\/li>\n<li>op\u0142ata sta\u0142a dla os\u00f3b w przedziale wiekowym 16 &#8211; 18 lat -10 z\u0142<\/li>\n<li>osoby maj\u0105ce mniej ni\u017c 16 lat nie wnosz\u0105 op\u0142aty sta\u0142ej<\/li>\n<\/ul>\n<p>Prosimy o dokonywanie rejestracji, u\u0142atwi to nam dystrybucj\u0119 bon\u00f3w obiadowych. Prosimy o podanie szczeg\u00f3lnych wymaga\u0144 w przypadku obiadu dietetycznego &#8211; rodzaj diety.<\/p>\n<p><strong>Telefony kontaktowe:<\/strong><\/p>\n<ul>\n<li>Jolanta Chojnowska &#8211; tel. 603 642 793<\/li>\n<li>Agnieszka Opaluch &#8211; tel. 504 134 439<\/li>\n<\/ul>\n<h1><a title=\"Zg\u0142oszenie na Z\u0142oty Jubileusz Odnowy w Duchu \u015awi\u0119tym\" href=\"https:\/\/www.tomasz.elk.pl\/formularz-zgloszenia-na-zloty-jubileusz-odnowy-w-duchu-swietym\">ZG\u0141OSZENIE ONLINE<\/a><\/h1>\n<p>P\u0142atno\u015bci za uczestnictwo nale\u017cy dokona\u0107 w ci\u0105gu 3 dni od daty zg\u0142oszenia na konto nr\u00a0<strong>60 8099 0004 0090 9853 2000 0020\u00a0<\/strong>z dopiskiem:<strong>\u00a0<\/strong><strong>Z\u0142oty Jubileusz<\/strong>\u00a0oraz poda\u0107 z jakiej grupy, wsp\u00f3lnoty lub parafii dotyczy dokonana wp\u0142ata.<\/p>\n<\/div>\n","protected":false},"excerpt":{"rendered":"<p>Z\u0142oty Jubileusz Odnowy w Duchu \u015awi\u0119tym Diecezji E\u0142ckiej Z\u0141OTY JUBILEUSZ ODNOWY W DUCHU \u015aWI\u0118TYM DIECEZJI E\u0141CKIEJ 30 wrze\u015bnia 2017 r.&hellip;<\/p>\n","protected":false},"author":1,"featured_media":0,"comment_status":"open","ping_status":"open","sticky":false,"template":"","format":"standard","meta":[],"categories":[1],"tags":[],"_links":{"self":[{"href":"http:\/\/www.odnowa.domchleba.com\/index.php?rest_route=\/wp\/v2\/posts\/1910"}],"collection":[{"href":"http:\/\/www.odnowa.domchleba.com\/index.php?rest_route=\/wp\/v2\/posts"}],"about":[{"href":"http:\/\/www.odnowa.domchleba.com\/index.php?rest_route=\/wp\/v2\/types\/post"}],"author":[{"embeddable":true,"href":"http:\/\/www.odnowa.domchleba.com\/index.php?rest_route=\/wp\/v2\/users\/1"}],"replies":[{"embeddable":true,"href":"http:\/\/www.odnowa.domchleba.com\/index.php?rest_route=%2Fwp%2Fv2%2Fcomments&post=1910"}],"version-history":[{"count":1,"href":"http:\/\/www.odnowa.domchleba.com\/index.php?rest_route=\/wp\/v2\/posts\/1910\/revisions"}],"predecessor-version":[{"id":1911,"href":"http:\/\/www.odnowa.domchleba.com\/index.php?rest_route=\/wp\/v2\/posts\/1910\/revisions\/1911"}],"wp:attachment":[{"href":"http:\/\/www.odnowa.domchleba.com\/index.php?rest_route=%2Fwp%2Fv2%2Fmedia&parent=1910"}],"wp:term":[{"taxonomy":"category","embeddable":true,"href":"http:\/\/www.odnowa.domchleba.com\/index.php?rest_route=%2Fwp%2Fv2%2Fcategories&post=1910"},{"taxonomy":"post_tag","embeddable":true,"href":"http:\/\/www.odnowa.domchleba.com\/index.php?rest_route=%2Fwp%2Fv2%2Ftags&post=1910"}],"curies":[{"name":"wp","href":"https:\/\/api.w.org\/{rel}","templated":true}]}}