{"id":114,"date":"2013-11-21T18:20:42","date_gmt":"2013-11-21T17:20:42","guid":{"rendered":"http:\/\/www.odnowa.domchleba.com\/?p=114"},"modified":"2013-11-21T18:20:42","modified_gmt":"2013-11-21T17:20:42","slug":"spotkanie-formacyjne-w-suwalkach","status":"publish","type":"post","link":"http:\/\/www.odnowa.domchleba.com\/?p=114","title":{"rendered":"Spotkanie formacyjne w Suwa\u0142kach"},"content":{"rendered":"<p>Zbli\u017ca si\u0119 spotkanie formacyjne dla kap\u0142an\u00f3w, lider\u00f3w i animator\u00f3w, kt\u00f3re b\u0119dzie mia\u0142o miejsce w Suwa\u0142kach w dniach 29 \u2013 30 listopada i b\u0119dzie po\u015bwi\u0119cone <strong>WIERZE I EWANGELIZACJI<\/strong>. Go\u015bciem spotkania b\u0119dzie<strong> ks. RAFA\u0141 JAROSIEWICZ z diecezji Koszali\u0144sko \u2013 Ko\u0142obrzeskiej.<\/strong> W pierwszym dniu, w pi\u0105tek chcemy Was zaprosi\u0107 na Eucharysti\u0119 z modlitw\u0105 o uzdrowienie duszy i cia\u0142a, kt\u00f3ra rozpocznie si\u0119 o 19.15 w ko\u015bciele Chrystusa Kr\u00f3la \/ul. Jana Paw\u0142a II\/, kt\u00f3r\u0105 oczywi\u015bcie poprowadzi ks. Rafa\u0142 wraz z zespo\u0142em z Koszalina. My\u015bl\u0119, \u017ce b\u0119dzie to dobry czas do\u015bwiadczenia chwa\u0142y i mocy Bo\u017cej, a przez co o\u017cywienia WIARY. W\u0142a\u015bnie temu tematowi b\u0119dzie po\u015bwi\u0119cony ten wiecz\u00f3r. W drugim dniu poprosili\u015bmy ks. Rafa\u0142a aby podzieli\u0142 si\u0119 z nami i zarazi\u0142 <b>EWANGELIZACJ\u0104<\/b>, w kt\u00f3rej Pan u\u017cywa Go we wspania\u0142y spos\u00f3b. Szczeg\u00f3\u0142owy program prze\u015blemy w najbli\u017cszym czasie. Spotkanie w sobot\u0119 odb\u0119dzie si\u0119 w domu wsp\u00f3lnoty GETSEMANI mieszcz\u0105cego si\u0119 przy ulicy Pu\u0142askiego 24B i rozpocznie si\u0119 o godzinie 9.oo, a zako\u0144czy si\u0119 obiadem o godzinie 14.oo. \u00a0Kosz uczestnictwa w spotkaniu sobotnim 20 z\u0142. od osoby. Wp\u0142aty b\u0119dzie mo\u017cna dokona\u0107 w recepcji przed spotkaniem. Dla usprawnienia dzia\u0142ania recepcji proponujemy aby liderzy wcze\u015bniej zebrali nale\u017cno\u015b\u0107\u00a0 od uczestnik\u00f3w spotkania ze swojej wsp\u00f3lnoty. Po dokonaniu wp\u0142aty lider otrzyma identyfikatory uprawniaj\u0105ce do uczestnictwa w spotkaniu.<\/p>\n<p>Zapraszamy<\/p>\n<p><a href=\"http:\/\/www.odnowa.domchleba.com\/wp-content\/uploads\/2013\/11\/miasto-dla-jezusa.jpg\"><img decoding=\"async\" loading=\"lazy\" class=\"alignnone size-full wp-image-115\" alt=\"miasto dla jezusa\" src=\"http:\/\/www.odnowa.domchleba.com\/wp-content\/uploads\/2013\/11\/miasto-dla-jezusa.jpg\" width=\"361\" height=\"139\" srcset=\"http:\/\/www.odnowa.domchleba.com\/wp-content\/uploads\/2013\/11\/miasto-dla-jezusa.jpg 361w, http:\/\/www.odnowa.domchleba.com\/wp-content\/uploads\/2013\/11\/miasto-dla-jezusa-300x115.jpg 300w\" sizes=\"(max-width: 361px) 100vw, 361px\" \/><\/a><\/p>\n<p>&nbsp;<\/p>\n<p>W oczekiwaniu na wsp\u00f3lne spotkanie, prosimy Was i wasze wsp\u00f3lnoty o modlitw\u0119.<\/p>\n","protected":false},"excerpt":{"rendered":"<p>Zbli\u017ca si\u0119 spotkanie formacyjne dla kap\u0142an\u00f3w, lider\u00f3w i animator\u00f3w, kt\u00f3re b\u0119dzie mia\u0142o miejsce w Suwa\u0142kach w dniach 29 \u2013 30&hellip;<\/p>\n","protected":false},"author":1,"featured_media":0,"comment_status":"open","ping_status":"open","sticky":false,"template":"","format":"standard","meta":[],"categories":[1],"tags":[],"_links":{"self":[{"href":"http:\/\/www.odnowa.domchleba.com\/index.php?rest_route=\/wp\/v2\/posts\/114"}],"collection":[{"href":"http:\/\/www.odnowa.domchleba.com\/index.php?rest_route=\/wp\/v2\/posts"}],"about":[{"href":"http:\/\/www.odnowa.domchleba.com\/index.php?rest_route=\/wp\/v2\/types\/post"}],"author":[{"embeddable":true,"href":"http:\/\/www.odnowa.domchleba.com\/index.php?rest_route=\/wp\/v2\/users\/1"}],"replies":[{"embeddable":true,"href":"http:\/\/www.odnowa.domchleba.com\/index.php?rest_route=%2Fwp%2Fv2%2Fcomments&post=114"}],"version-history":[{"count":1,"href":"http:\/\/www.odnowa.domchleba.com\/index.php?rest_route=\/wp\/v2\/posts\/114\/revisions"}],"predecessor-version":[{"id":116,"href":"http:\/\/www.odnowa.domchleba.com\/index.php?rest_route=\/wp\/v2\/posts\/114\/revisions\/116"}],"wp:attachment":[{"href":"http:\/\/www.odnowa.domchleba.com\/index.php?rest_route=%2Fwp%2Fv2%2Fmedia&parent=114"}],"wp:term":[{"taxonomy":"category","embeddable":true,"href":"http:\/\/www.odnowa.domchleba.com\/index.php?rest_route=%2Fwp%2Fv2%2Fcategories&post=114"},{"taxonomy":"post_tag","embeddable":true,"href":"http:\/\/www.odnowa.domchleba.com\/index.php?rest_route=%2Fwp%2Fv2%2Ftags&post=114"}],"curies":[{"name":"wp","href":"https:\/\/api.w.org\/{rel}","templated":true}]}}