{"id":1009,"date":"2015-06-17T22:17:25","date_gmt":"2015-06-17T20:17:25","guid":{"rendered":"http:\/\/www.odnowa.domchleba.com\/?p=1009"},"modified":"2015-06-17T22:17:25","modified_gmt":"2015-06-17T20:17:25","slug":"zaproszenie","status":"publish","type":"post","link":"http:\/\/www.odnowa.domchleba.com\/?p=1009","title":{"rendered":"Zaproszenie"},"content":{"rendered":"<p>Serdecznie zapraszamy wszystkie ma\u0142\u017ce\u0144stwa ze wsp\u00f3lnot Odnowy w Duchu \u015awi\u0119tym w diecezji e\u0142ckiej na uroczyst\u0105 Msze \u015awi\u0119t\u0105, kt\u00f3ra odb\u0119dzie si\u0119 w dniu <b>27 czerwca 2015 r<\/b> ( sobota) o godz. <b>15.00<\/b> w Sanktuarium Maryjnym w Studzienicznej.<\/p>\n<p>B\u0119dziemy modli\u0107 si\u0119 w intencji wszystkich rodzin o umocnienie ich zwi\u0105zku oraz o b\u0142ogos\u0142awie\u0144stwo i \u0142aski im potrzebne. Na Msz\u0119 \u015awi\u0119t\u0105 zapraszamy ca\u0142e rodziny wraz z dzie\u0107mi. \u263a<\/p>\n<p>Nast\u0119pnie wsp\u00f3lna agapa przy ognisku (przynosimy w\u0142asny prowiant).<\/p>\n<p><a href=\"http:\/\/www.odnowa.domchleba.com\/wp-content\/uploads\/2015\/06\/obr\u0105czlki.jpg\"><img decoding=\"async\" loading=\"lazy\" class=\"alignnone size-full wp-image-1010\" src=\"http:\/\/www.odnowa.domchleba.com\/wp-content\/uploads\/2015\/06\/obr\u0105czlki.jpg\" alt=\"obr\u0105czlki\" width=\"259\" height=\"138\" \/><\/a><\/p>\n","protected":false},"excerpt":{"rendered":"<p>Serdecznie zapraszamy wszystkie ma\u0142\u017ce\u0144stwa ze wsp\u00f3lnot Odnowy w Duchu \u015awi\u0119tym w diecezji e\u0142ckiej na uroczyst\u0105 Msze \u015awi\u0119t\u0105, kt\u00f3ra odb\u0119dzie si\u0119&hellip;<\/p>\n","protected":false},"author":1,"featured_media":0,"comment_status":"open","ping_status":"open","sticky":false,"template":"","format":"standard","meta":[],"categories":[1],"tags":[],"_links":{"self":[{"href":"http:\/\/www.odnowa.domchleba.com\/index.php?rest_route=\/wp\/v2\/posts\/1009"}],"collection":[{"href":"http:\/\/www.odnowa.domchleba.com\/index.php?rest_route=\/wp\/v2\/posts"}],"about":[{"href":"http:\/\/www.odnowa.domchleba.com\/index.php?rest_route=\/wp\/v2\/types\/post"}],"author":[{"embeddable":true,"href":"http:\/\/www.odnowa.domchleba.com\/index.php?rest_route=\/wp\/v2\/users\/1"}],"replies":[{"embeddable":true,"href":"http:\/\/www.odnowa.domchleba.com\/index.php?rest_route=%2Fwp%2Fv2%2Fcomments&post=1009"}],"version-history":[{"count":1,"href":"http:\/\/www.odnowa.domchleba.com\/index.php?rest_route=\/wp\/v2\/posts\/1009\/revisions"}],"predecessor-version":[{"id":1011,"href":"http:\/\/www.odnowa.domchleba.com\/index.php?rest_route=\/wp\/v2\/posts\/1009\/revisions\/1011"}],"wp:attachment":[{"href":"http:\/\/www.odnowa.domchleba.com\/index.php?rest_route=%2Fwp%2Fv2%2Fmedia&parent=1009"}],"wp:term":[{"taxonomy":"category","embeddable":true,"href":"http:\/\/www.odnowa.domchleba.com\/index.php?rest_route=%2Fwp%2Fv2%2Fcategories&post=1009"},{"taxonomy":"post_tag","embeddable":true,"href":"http:\/\/www.odnowa.domchleba.com\/index.php?rest_route=%2Fwp%2Fv2%2Ftags&post=1009"}],"curies":[{"name":"wp","href":"https:\/\/api.w.org\/{rel}","templated":true}]}}